{"id":650,"date":"2024-10-24T23:08:00","date_gmt":"2024-10-24T23:08:00","guid":{"rendered":"https:\/\/espaciotelevision.mx\/?p=650"},"modified":"2024-10-24T23:08:01","modified_gmt":"2024-10-24T23:08:01","slug":"luis-fonsi-juanes-y-fonseca-se-unen-en-concierto-a-beneficio","status":"publish","type":"post","link":"https:\/\/espaciotelevision.mx\/?p=650","title":{"rendered":"Luis Fonsi, Juanes y Fonseca se unen en concierto a beneficio"},"content":{"rendered":"\n<p>Los artistas Juanes, Luis Fonsi y Fonseca estar\u00e1n entre los muchos cantantes que participar\u00e1n el pr\u00f3ximo 13 de noviembre en Miami en el concierto \u201cLos Producers\u201d, un evento ben\u00e9fico a favor de la Fundaci\u00f3n de Michael J. Fox, dedicada a la investigaci\u00f3n de tratamientos contra el Parkinson, enfermedad que el actor ha padecido desde 1991.<\/p>\n\n\n\n<p>El evento tambi\u00e9n contar\u00e1 con la participaci\u00f3n de artistas como Mon Laferte, Los Rabanes, Gian Marco, Agris, Bruses, Caloncho, Cimafunk, Kat Dahlia y DannyLux.<\/p>\n\n\n\n<p>Los fondos recaudados se destinar\u00e1n a los programas de alto impacto de The Michael J. Fox Foundation for Parkinson\u2019s Research (MJFF), cuyo objetivo es encontrar una cura para esta enfermedad.<\/p>\n\n\n\n<p>Igualmente har\u00e1n presentaciones Jay De La Cueva, El David Aguilar, Fabi\u00e1n, Leonel Garc\u00eda, HeyBroders, Joaquina, Los Executives, Danny Ocean, Vivir Quintana, Sabino, Ali Stone, The Warning y Nicole Zignago, con los DJ Mr. Pauer y El Dusty.<\/p>\n\n\n\n<p>El concierto est\u00e1 a cargo de Rebeleon Entertainment, BMI, el C\u00edrculo de Productores e Ingenieros (CPI) de la Academia Latina de la Grabaci\u00f3n y la filial de Florida de The Recording Academy.<\/p>\n\n\n\n<p>En el transcurso de m\u00e1s de una d\u00e9cada, el concierto ben\u00e9fico Los Producers, que ha ayudado a otras instituciones, ha pasado a ser uno de los m\u00e1s esperados programas del entorno musical durante la semana del Latin Grammy, un premio que regresa este noviembre a Miami.<\/p>\n\n\n\n<p>\u00abLos Producers une a la comunidad latina y otras para celebrar lo mejor de la m\u00fasica latina y a la vez destacar causas importantes, desde la investigaci\u00f3n m\u00e9dica hasta la educaci\u00f3n musical\u00bb, dijo el productor Sebastian Krys, presidente y director ejecutivo de Rebeleon Entertainment.<\/p>\n\n\n\n<p>\u00abLas muchas maneras creativas en que nuestra comunidad hace que la misi\u00f3n de la fundaci\u00f3n avance nos llena de energ\u00eda continuamente. \u00bfQu\u00e9 mejor manera que una \u00e9pica velada musical y nuevos y viejos amigos para tener un impacto?\u00bb, se\u00f1al\u00f3 Debi Brooks, cofundadora de MJFF.<\/p>\n\n\n\n<p>Manifest\u00f3 que esta era transformadora en la investigaci\u00f3n de Parkinson no ser\u00eda posible sin el respaldo de Sebastian Krys y Los Producers.<br><\/p>\n\n\n\n<p>\u00abHoy estamos m\u00e1s cerca que nunca de dar paso a mejores tratamientos y la cura a favor de millones de personas y familias afectadas por la enfermedad de Parkinson en todo el mundo\u00bb, agreg\u00f3 la tambi\u00e9n directora ejecutiva de MJFF.<\/p>\n","protected":false},"excerpt":{"rendered":"<p>Los artistas Juanes, Luis Fonsi y Fonseca estar\u00e1n entre los muchos cantantes que participar\u00e1n el pr\u00f3ximo 13 de noviembre en Miami en el concierto \u201cLos Producers\u201d, un evento ben\u00e9fico a favor de la Fundaci\u00f3n de Michael J. Fox, dedicada a la investigaci\u00f3n de tratamientos contra el Parkinson, enfermedad que el actor ha padecido desde 1991.&hellip;<\/p>\n","protected":false},"author":2,"featured_media":651,"comment_status":"open","ping_status":"open","sticky":false,"template":"","format":"standard","meta":{"footnotes":""},"categories":[6],"tags":[122,285,286,283,284],"class_list":["post-650","post","type-post","status-publish","format-standard","has-post-thumbnail","hentry","category-espectaculos","tag-conciertos","tag-fonseca","tag-fundacion-de-michael-j-fox","tag-juanes","tag-luis-fonsi"],"_links":{"self":[{"href":"https:\/\/espaciotelevision.mx\/index.php?rest_route=\/wp\/v2\/posts\/650","targetHints":{"allow":["GET"]}}],"collection":[{"href":"https:\/\/espaciotelevision.mx\/index.php?rest_route=\/wp\/v2\/posts"}],"about":[{"href":"https:\/\/espaciotelevision.mx\/index.php?rest_route=\/wp\/v2\/types\/post"}],"author":[{"embeddable":true,"href":"https:\/\/espaciotelevision.mx\/index.php?rest_route=\/wp\/v2\/users\/2"}],"replies":[{"embeddable":true,"href":"https:\/\/espaciotelevision.mx\/index.php?rest_route=%2Fwp%2Fv2%2Fcomments&post=650"}],"version-history":[{"count":1,"href":"https:\/\/espaciotelevision.mx\/index.php?rest_route=\/wp\/v2\/posts\/650\/revisions"}],"predecessor-version":[{"id":652,"href":"https:\/\/espaciotelevision.mx\/index.php?rest_route=\/wp\/v2\/posts\/650\/revisions\/652"}],"wp:featuredmedia":[{"embeddable":true,"href":"https:\/\/espaciotelevision.mx\/index.php?rest_route=\/wp\/v2\/media\/651"}],"wp:attachment":[{"href":"https:\/\/espaciotelevision.mx\/index.php?rest_route=%2Fwp%2Fv2%2Fmedia&parent=650"}],"wp:term":[{"taxonomy":"category","embeddable":true,"href":"https:\/\/espaciotelevision.mx\/index.php?rest_route=%2Fwp%2Fv2%2Fcategories&post=650"},{"taxonomy":"post_tag","embeddable":true,"href":"https:\/\/espaciotelevision.mx\/index.php?rest_route=%2Fwp%2Fv2%2Ftags&post=650"}],"curies":[{"name":"wp","href":"https:\/\/api.w.org\/{rel}","templated":true}]}}