{"id":639,"date":"2024-10-24T00:14:17","date_gmt":"2024-10-24T00:14:17","guid":{"rendered":"https:\/\/espaciotelevision.mx\/?p=639"},"modified":"2024-10-24T00:14:18","modified_gmt":"2024-10-24T00:14:18","slug":"fernando-valenzuela-era-aficionado-de-chivas","status":"publish","type":"post","link":"https:\/\/espaciotelevision.mx\/?p=639","title":{"rendered":"Fernando Valenzuela era aficionado de Chivas"},"content":{"rendered":"\n<p>Fernando Valenzuela, un \u00edcono del b\u00e9isbol mexicano, falleci\u00f3 a los 63 a\u00f1os. Su legado perdurar\u00e1 en la historia del deporte nacional, siendo reconocido como uno de los mejores beisbolistas de todos los tiempos. La noticia de su deceso, ocurrido la noche del martes, ha conmovido a sus seguidores y al mundo del deporte.<\/p>\n\n\n\n<p>Valenzuela, apodado \u00abEl Toro\u00bb, es considerado un referente del b\u00e9isbol junto a figuras como Hugo S\u00e1nchez y Julio C\u00e9sar Ch\u00e1vez. Su impacto trascendi\u00f3 m\u00e1s all\u00e1 del campo de juego, y su imagen ha resonado incluso para las Chivas del Guadalajara.<\/p>\n\n\n\n<p>Tras su deceso, comenz\u00f3 a circular en redes una fotograf\u00eda de Valenzuela en donde aparece con la camiseta rojiblanca del equipo, con la frase \u201cSoy Chiva y Qu\u00e9\u201d. En esta foto, que se ha vuelto viral, se le ve concentrado mientras domina un bal\u00f3n, capturando su esencia como deportista y su amor por el equipo. Aunque no se ha precisado la fecha exacta de esta imagen, se puede inferir que fue tomada en un momento clave de su carrera, durante la cual se consolid\u00f3 como una figura emblem\u00e1tica en el b\u00e9isbol estadounidense.<\/p>\n\n\n\n<p>Fernando Valenzuela naci\u00f3 en 1960 en Etchohuaquila, Sonora, y debut\u00f3 en las Grandes Ligas en 1980, aunque fue en 1981 cuando su carrera despeg\u00f3 al ganar el tercer partido de la Serie Mundial con los Dodgers de Los \u00c1ngeles. Su habilidad para lanzar curvas impresionantes y su carisma lo llevaron a conseguir un campeonato m\u00e1s y a dejar un legado de 173 victorias y 2074 ponches a lo largo de 17 temporadas en las Grandes Ligas.<\/p>\n","protected":false},"excerpt":{"rendered":"<p>Fernando Valenzuela, un \u00edcono del b\u00e9isbol mexicano, falleci\u00f3 a los 63 a\u00f1os. Su legado perdurar\u00e1 en la historia del deporte nacional, siendo reconocido como uno de los mejores beisbolistas de todos los tiempos. La noticia de su deceso, ocurrido la noche del martes, ha conmovido a sus seguidores y al mundo del deporte. Valenzuela, apodado&hellip;<\/p>\n","protected":false},"author":2,"featured_media":640,"comment_status":"open","ping_status":"open","sticky":false,"template":"","format":"standard","meta":{"footnotes":""},"categories":[5],"tags":[268,93,266],"class_list":["post-639","post","type-post","status-publish","format-standard","has-post-thumbnail","hentry","category-deportes","tag-beisbol","tag-chivas","tag-fernando-valenzuela"],"_links":{"self":[{"href":"https:\/\/espaciotelevision.mx\/index.php?rest_route=\/wp\/v2\/posts\/639","targetHints":{"allow":["GET"]}}],"collection":[{"href":"https:\/\/espaciotelevision.mx\/index.php?rest_route=\/wp\/v2\/posts"}],"about":[{"href":"https:\/\/espaciotelevision.mx\/index.php?rest_route=\/wp\/v2\/types\/post"}],"author":[{"embeddable":true,"href":"https:\/\/espaciotelevision.mx\/index.php?rest_route=\/wp\/v2\/users\/2"}],"replies":[{"embeddable":true,"href":"https:\/\/espaciotelevision.mx\/index.php?rest_route=%2Fwp%2Fv2%2Fcomments&post=639"}],"version-history":[{"count":1,"href":"https:\/\/espaciotelevision.mx\/index.php?rest_route=\/wp\/v2\/posts\/639\/revisions"}],"predecessor-version":[{"id":641,"href":"https:\/\/espaciotelevision.mx\/index.php?rest_route=\/wp\/v2\/posts\/639\/revisions\/641"}],"wp:featuredmedia":[{"embeddable":true,"href":"https:\/\/espaciotelevision.mx\/index.php?rest_route=\/wp\/v2\/media\/640"}],"wp:attachment":[{"href":"https:\/\/espaciotelevision.mx\/index.php?rest_route=%2Fwp%2Fv2%2Fmedia&parent=639"}],"wp:term":[{"taxonomy":"category","embeddable":true,"href":"https:\/\/espaciotelevision.mx\/index.php?rest_route=%2Fwp%2Fv2%2Fcategories&post=639"},{"taxonomy":"post_tag","embeddable":true,"href":"https:\/\/espaciotelevision.mx\/index.php?rest_route=%2Fwp%2Fv2%2Ftags&post=639"}],"curies":[{"name":"wp","href":"https:\/\/api.w.org\/{rel}","templated":true}]}}