{"id":301,"date":"2024-08-21T23:55:41","date_gmt":"2024-08-21T23:55:41","guid":{"rendered":"https:\/\/espaciotelevision.mx\/?p=301"},"modified":"2024-08-21T23:55:42","modified_gmt":"2024-08-21T23:55:42","slug":"hija-de-angelina-jolie-y-brad-pitt-ha-conseguido-quitarse-el-apellido-de-su-padre","status":"publish","type":"post","link":"https:\/\/espaciotelevision.mx\/?p=301","title":{"rendered":"Hija de Angelina Jolie y Brad Pitt ha conseguido quitarse el apellido de su padre"},"content":{"rendered":"\n<p class=\"has-black-color has-text-color has-link-color wp-elements-1 wp-block-paragraph\">Un juez aprob\u00f3 la petici\u00f3n de la hija de Angelina Jolie y Brad Pitt, Shiloh, para poder eliminar el apellido de su padre.<\/p>\n\n\n\n<p class=\"has-black-color has-text-color has-link-color wp-elements-2 wp-block-paragraph\">La joven de 18 a\u00f1os, que naci\u00f3 con el nombre de Shiloh Nouvel Jolie-Pitt, ahora se llamar\u00e1 legalmente Shiloh Jolie.<\/p>\n\n\n\n<p class=\"has-black-color has-text-color has-link-color wp-elements-3 wp-block-paragraph\">El pasado mayo, al cumplir la mayor\u00eda de edad, la tercera de los seis hijos de la ahora expareja remiti\u00f3 a una corte del condado de Los \u00c1ngeles en EUA, una solicitud para eliminar el apellido de su progenitor.<\/p>\n\n\n\n<p class=\"has-black-color has-text-color has-link-color wp-elements-4 wp-block-paragraph\">La joven tom\u00f3 esta decisi\u00f3n, seg\u00fan una revista, como consecuencia de los \u00abacontecimientos dolorosos\u00bb que se han vivido en su familia.<\/p>\n\n\n\n<p class=\"has-black-color has-text-color has-link-color wp-elements-5 wp-block-paragraph\">Angelina Jolie y Brad Pitt se casaron en 2014 pero en 2016 solicitaron el divorcio, el cual no se ha resuelto en medio de una batalla judicial y con demandas interpuestas entre ellos.<\/p>\n\n\n\n<p class=\"has-black-color has-text-color has-link-color wp-elements-6 wp-block-paragraph\">Shiloh Jolie naci\u00f3 el 27 de mayo de 2006 en Namibia y es la mayor de los tres hijos biol\u00f3gicos que tuvo la otrora poderosa pareja de Hollywood y uno de los seis que completa la familia.<\/p>\n\n\n\n<p class=\"has-black-color has-text-color has-link-color wp-elements-7 wp-block-paragraph\">Angelina Jolie y Brad Pitt tambi\u00e9n comparten la custodia de Maddox, Pax, Zahara y los mellizos Knox y Vivienne.<\/p>\n\n\n\n<p class=\"has-black-color has-text-color has-link-color wp-elements-8 wp-block-paragraph\">Como han reportado medios estadounidenses, otros hijos de la pareja ya han eliminado el apellido de su padre de manera p\u00fablica en los \u00faltimos a\u00f1os, pero Shiloh, que puso su voz en la pel\u00edcula &#8216;Kung Fu Panda 3&#8217;, es la primera que da el paso de hacerlo por la v\u00eda legal.<\/p>\n","protected":false},"excerpt":{"rendered":"<p>Un juez aprob\u00f3 la petici\u00f3n de la hija de Angelina Jolie y Brad Pitt, Shiloh, para poder eliminar el apellido de su padre. La joven de 18 a\u00f1os, que naci\u00f3 con el nombre de Shiloh Nouvel Jolie-Pitt, ahora se llamar\u00e1 legalmente Shiloh Jolie. El pasado mayo, al cumplir la mayor\u00eda de edad, la tercera de&hellip;<\/p>\n","protected":false},"author":2,"featured_media":302,"comment_status":"open","ping_status":"open","sticky":false,"template":"","format":"standard","meta":{"footnotes":""},"categories":[6],"tags":[114,115,116],"class_list":["post-301","post","type-post","status-publish","format-standard","has-post-thumbnail","hentry","category-espectaculos","tag-angelina-jolie","tag-brad-pitt","tag-shiloh-jolie"],"_links":{"self":[{"href":"https:\/\/espaciotelevision.mx\/index.php?rest_route=\/wp\/v2\/posts\/301","targetHints":{"allow":["GET"]}}],"collection":[{"href":"https:\/\/espaciotelevision.mx\/index.php?rest_route=\/wp\/v2\/posts"}],"about":[{"href":"https:\/\/espaciotelevision.mx\/index.php?rest_route=\/wp\/v2\/types\/post"}],"author":[{"embeddable":true,"href":"https:\/\/espaciotelevision.mx\/index.php?rest_route=\/wp\/v2\/users\/2"}],"replies":[{"embeddable":true,"href":"https:\/\/espaciotelevision.mx\/index.php?rest_route=%2Fwp%2Fv2%2Fcomments&post=301"}],"version-history":[{"count":1,"href":"https:\/\/espaciotelevision.mx\/index.php?rest_route=\/wp\/v2\/posts\/301\/revisions"}],"predecessor-version":[{"id":303,"href":"https:\/\/espaciotelevision.mx\/index.php?rest_route=\/wp\/v2\/posts\/301\/revisions\/303"}],"wp:featuredmedia":[{"embeddable":true,"href":"https:\/\/espaciotelevision.mx\/index.php?rest_route=\/wp\/v2\/media\/302"}],"wp:attachment":[{"href":"https:\/\/espaciotelevision.mx\/index.php?rest_route=%2Fwp%2Fv2%2Fmedia&parent=301"}],"wp:term":[{"taxonomy":"category","embeddable":true,"href":"https:\/\/espaciotelevision.mx\/index.php?rest_route=%2Fwp%2Fv2%2Fcategories&post=301"},{"taxonomy":"post_tag","embeddable":true,"href":"https:\/\/espaciotelevision.mx\/index.php?rest_route=%2Fwp%2Fv2%2Ftags&post=301"}],"curies":[{"name":"wp","href":"https:\/\/api.w.org\/{rel}","templated":true}]}}