{"id":1071,"date":"2025-12-02T11:54:53","date_gmt":"2025-12-02T17:54:53","guid":{"rendered":"https:\/\/espaciotelevision.mx\/?p=1071"},"modified":"2025-12-02T11:54:54","modified_gmt":"2025-12-02T17:54:54","slug":"la-juventud-debe-enfrentar-el-odio-de-quienes-buscan-el-bienestar-de-pocos","status":"publish","type":"post","link":"https:\/\/espaciotelevision.mx\/?p=1071","title":{"rendered":"La juventud debe enfrentar el odio de quienes buscan el bienestar de pocos"},"content":{"rendered":"\n<p><\/p>\n\n\n\n<p>Amin Maalouf, premio FIL de Literatura en Lenguas Romances 2025, respondi\u00f3 a<br>las inquietudes de sus lectores en una sesi\u00f3n de Mil j\u00f3venes con\u2026<br>Detr\u00e1s de la aterradora realidad que se cierne sobre nuestro mundo se hallan la codicia y el ego\u00edsmo de unos pocos que fomentan el odio y la segregaci\u00f3n para conseguir sus verdaderos fines, por lo que las nuevas generaciones deben tener los ojos abiertos para saber distinguir cu\u00e1ndo pueden ser manipulados. Estas fueron algunas de las respuestas que el escritor Amin Maalouf ofreci\u00f3 a los numerosos cuestionamientos que se le hicieron este lunes en la sesi\u00f3n de Mil j\u00f3venes con\u2026 como parte de las actividades de FIL Joven en la Feria Internacional del Libro de Guadalajara.<br>Una de las asistentes le pregunt\u00f3 sobre la responsabilidad de los j\u00f3venes en la construcci\u00f3n de la paz ante el incremento del odio, tras lo que Maalouf contest\u00f3 que es importante percatarse de que estamos en v\u00edas de darle forma al futuro, nada es definitivo a\u00fan. \u201cMe parece que hay que hacer las cosas de tal modo que el odio no pase por uno, sino que uno sea el camino de paso hacia la reconciliaci\u00f3n. Y eso lo vemos con fen\u00f3menos como los prejuicios, me parece que cada uno puede identificar todos los d\u00edas comportamientos que refuerzan el odio y comportamientos que lo producen, hay muchas cosas que podr\u00edamos hacer. Agregar\u00eda una cosa: el mundo nos pertenece, el futuro no est\u00e1 escrito, es lo que vamos escribiendo, y lo que ustedes van a escribir\u201d.<br>Alguien m\u00e1s plante\u00f3 si existe una manera de que las naciones se reconcilien con la migraci\u00f3n pues, tanto<br>en Europa como en Am\u00e9rica, se le tiene como la causa de los problemas sociales. Record\u00f3 que cuando \u00e9l tuvo la necesidad de abandonar L\u00edbano para emigrar a Francia, hace 50 a\u00f1os, lo \u00fanico que le solicitaron era una carta de su pa\u00eds para que le expidieran la visa, por lo que era mucho m\u00e1s sencillo que la cantidad de requisitos que le imponen a la gente en la actualidad para dificultad la movilidad humana.<br>\u201cSe complicaron las cosas porque tenemos sociedades en crisis que buscan la causa de las crisis, y que<br>toman la causa que les parece m\u00e1s evidente; hay partidos pol\u00edticos que utilizan esa causa, y muchos pa\u00edses europeos dicen que la causa real es el islam. Si toman la causa de Am\u00e9rica del Norte, durante las \u00faltimas campa\u00f1as hubo historias contra los haitianos, contra todo el mundo, la cuesti\u00f3n no est\u00e1 ligada a una religi\u00f3n, en cada lugar se toma lo que es movilizador de opiniones, pero el problema en el fondo es que las poblaciones de origen fueron rebasadas por la realidad del mundo y buscan emigrar a un mejor pa\u00eds\u201d.<br>\u00c9l se cuenta entre las personas a las que les gusta vivir entre la diversidad, pero es importante saber que la diversidad necesita ser administrada. Si el poder pol\u00edtico y la sociedad logran armonizarla, en ese momento la diversidad ser\u00e1 un activo importante. En cambio, cuando se dejan las relaciones entre los distintos n\u00facleos humanos sin la correcta administraci\u00f3n, surgen tensiones. \u201cLos distintos grupos pueden entenderse o detestarse, entonces no basta con poner a la gente a un lado de la otra para que se lleven bien, las autoridades deben administrar que no haya discriminaci\u00f3n, fricci\u00f3n, pero no lo hacen\u201d.<br>Una participante m\u00e1s pidi\u00f3 un consejo para que los j\u00f3venes encuentren un sentido en su vida frente a este mundo que parece dist\u00f3pico, tras lo que volvi\u00f3 a un fragmento del discurso que dio cuando recibi\u00f3 el Premio, al recordar que, aunque vivimos en una realidad peligrosa, no hay que olvidar que tenemos la posibilidad de resolver todos los problemas de la humanidad, como deshacernos de la pobreza y de las enfermedades gracias a las ciencias. \u201cCuando tenemos a\u00f1os y d\u00e9cadas de vida gracias al progreso de la ciencia, podemos esperar que las utilicemos para resolver los problemas de la humanidad, estoy convencido de que podemos hacerlo, porque finalmente los que est\u00e1n en favor de la vida son m\u00e1s poderosos que aquellos que est\u00e1n pensando en el bienestar de un pu\u00f1ado de personas. Hay que tener confianza\u201d.<\/p>\n\n\n<figure class=\"wp-block-post-featured-image\"><img loading=\"lazy\" decoding=\"async\" width=\"240\" height=\"172\" src=\"https:\/\/espaciotelevision.mx\/wp-content\/uploads\/2025\/12\/fil1-1-240x172.jpg\" class=\"attachment-post-thumbnail size-post-thumbnail wp-post-image\" alt=\"\" style=\"object-fit:cover;\" \/><\/figure>","protected":false},"excerpt":{"rendered":"<p>Amin Maalouf, premio FIL de Literatura en Lenguas Romances 2025, respondi\u00f3 alas inquietudes de sus lectores en una sesi\u00f3n de Mil j\u00f3venes con\u2026Detr\u00e1s de la aterradora realidad que se cierne sobre nuestro mundo se hallan la codicia y el ego\u00edsmo de unos pocos que fomentan el odio y la segregaci\u00f3n para conseguir sus verdaderos fines,&hellip;<\/p>\n","protected":false},"author":2,"featured_media":1073,"comment_status":"open","ping_status":"open","sticky":false,"template":"","format":"standard","meta":{"footnotes":""},"categories":[2],"tags":[],"class_list":["post-1071","post","type-post","status-publish","format-standard","has-post-thumbnail","hentry","category-local"],"_links":{"self":[{"href":"https:\/\/espaciotelevision.mx\/index.php?rest_route=\/wp\/v2\/posts\/1071","targetHints":{"allow":["GET"]}}],"collection":[{"href":"https:\/\/espaciotelevision.mx\/index.php?rest_route=\/wp\/v2\/posts"}],"about":[{"href":"https:\/\/espaciotelevision.mx\/index.php?rest_route=\/wp\/v2\/types\/post"}],"author":[{"embeddable":true,"href":"https:\/\/espaciotelevision.mx\/index.php?rest_route=\/wp\/v2\/users\/2"}],"replies":[{"embeddable":true,"href":"https:\/\/espaciotelevision.mx\/index.php?rest_route=%2Fwp%2Fv2%2Fcomments&post=1071"}],"version-history":[{"count":1,"href":"https:\/\/espaciotelevision.mx\/index.php?rest_route=\/wp\/v2\/posts\/1071\/revisions"}],"predecessor-version":[{"id":1074,"href":"https:\/\/espaciotelevision.mx\/index.php?rest_route=\/wp\/v2\/posts\/1071\/revisions\/1074"}],"wp:featuredmedia":[{"embeddable":true,"href":"https:\/\/espaciotelevision.mx\/index.php?rest_route=\/wp\/v2\/media\/1073"}],"wp:attachment":[{"href":"https:\/\/espaciotelevision.mx\/index.php?rest_route=%2Fwp%2Fv2%2Fmedia&parent=1071"}],"wp:term":[{"taxonomy":"category","embeddable":true,"href":"https:\/\/espaciotelevision.mx\/index.php?rest_route=%2Fwp%2Fv2%2Fcategories&post=1071"},{"taxonomy":"post_tag","embeddable":true,"href":"https:\/\/espaciotelevision.mx\/index.php?rest_route=%2Fwp%2Fv2%2Ftags&post=1071"}],"curies":[{"name":"wp","href":"https:\/\/api.w.org\/{rel}","templated":true}]}}